{"id":1662,"date":"2021-04-26T10:28:42","date_gmt":"2021-04-26T10:28:42","guid":{"rendered":"https:\/\/legiland.cat\/?p=1662"},"modified":"2025-04-04T12:23:56","modified_gmt":"2025-04-04T12:23:56","slug":"cristina-heras-plaifarreras","status":"publish","type":"post","link":"https:\/\/legiland.cat\/ca\/entrevista\/cristina-heras-plaifarreras\/","title":{"rendered":"Institut Joaquima Pla i Farreras"},"content":{"rendered":"<h2 class=\"wp-block-heading\" id=\"h-instituto-joaquima-pla-i-farreras\">Institut Joaquima Pla i Farreras<\/h2>\n\n\n\n<div class=\"wp-block-group has-background is-layout-grid wp-container-core-group-is-layout-da7a6a80 wp-block-group-is-layout-grid\" style=\"border-radius:50px;background-color:#ffffff\"><figure style=\"padding-right:var(--wp--preset--spacing--50);padding-left:var(--wp--preset--spacing--50);padding-top:var(--wp--preset--spacing--40);padding-bottom:var(--wp--preset--spacing--40);\" class=\"wp-block-post-featured-image\"><img data-recalc-dims=\"1\" loading=\"lazy\" decoding=\"async\" width=\"500\" height=\"500\" src=\"https:\/\/i0.wp.com\/legiland.cat\/wp-content\/uploads\/2021\/04\/cristina-playfa.webp?resize=500%2C500&#038;ssl=1\" class=\"attachment-post-thumbnail size-post-thumbnail wp-post-image\" alt=\"\" style=\"object-fit:cover;\" srcset=\"https:\/\/i0.wp.com\/legiland.cat\/wp-content\/uploads\/2021\/04\/cristina-playfa.webp?w=500&amp;ssl=1 500w, https:\/\/i0.wp.com\/legiland.cat\/wp-content\/uploads\/2021\/04\/cristina-playfa.webp?resize=480%2C480&amp;ssl=1 480w, https:\/\/i0.wp.com\/legiland.cat\/wp-content\/uploads\/2021\/04\/cristina-playfa.webp?resize=12%2C12&amp;ssl=1 12w\" sizes=\"auto, (max-width: 1131px) 100vw, 1131px\" data-attachment-id=\"9899\" data-permalink=\"https:\/\/legiland.cat\/ca\/entrevista\/cristina-heras-plaifarreras\/attachment\/cristina-playfa\/\" data-orig-file=\"https:\/\/i0.wp.com\/legiland.cat\/wp-content\/uploads\/2021\/04\/cristina-playfa.webp?fit=500%2C500&amp;ssl=1\" data-orig-size=\"500,500\" data-comments-opened=\"1\" data-image-meta=\"{&quot;aperture&quot;:&quot;0&quot;,&quot;credit&quot;:&quot;&quot;,&quot;camera&quot;:&quot;&quot;,&quot;caption&quot;:&quot;&quot;,&quot;created_timestamp&quot;:&quot;0&quot;,&quot;copyright&quot;:&quot;&quot;,&quot;focal_length&quot;:&quot;0&quot;,&quot;iso&quot;:&quot;0&quot;,&quot;shutter_speed&quot;:&quot;0&quot;,&quot;title&quot;:&quot;&quot;,&quot;orientation&quot;:&quot;0&quot;}\" data-image-title=\"cristina-playfa\" data-image-description=\"\" data-image-caption=\"\" data-large-file=\"https:\/\/i0.wp.com\/legiland.cat\/wp-content\/uploads\/2021\/04\/cristina-playfa.webp?fit=500%2C500&amp;ssl=1\" \/><\/figure>\n\n\n<p class=\"translation-block\">Professora de Lleng\u00fces Cl\u00e0ssiques del Departament de Llengua i Literatura Castellana de l'<a href=\"https:\/\/plafarreras.cat\/\" target=\"_blank\" rel=\"noreferrer noopener\">Institut Joaquima Pla i Farreras<\/a>. Apassionada per la lectura i implicada en la millora cont\u00ednua dels seus alumnes.<br><br>La Cristina ens explica que li preocupava veure que els alumnes tenien cada vegada m\u00e9s dificultats en la comprensi\u00f3 lectora i que aix\u00f2, entre altres motius, els feia perdre el gust per la lectura.<\/p>\n<\/div>\n\n\n\n<h4 class=\"wp-block-heading\" id=\"h-que-os-aporta-legiland\">Qu\u00e8 us aporta Legiland?<\/h4>\n\n\n\n<p class=\"translation-block\">Fonamentalment, als alumnes els aporta un <strong>major entusiasme per la lectura<\/strong>; i als docents, una <strong>gran facilitat en el seguiment i en l\u2019avaluaci\u00f3 del seu progr\u00e9s<\/strong> en la comprensi\u00f3 lectora.<\/p>\n\n\n\n<p class=\"translation-block\">D'una banda, i sobretot a primer d'ESO (12-13 anys), els motiva el projecte gr\u00e0cies a tots els <strong>elements l\u00fadics de la plataforma<\/strong>, com crear el seu avatar, aconseguir medalles, sumar punts, pujar de nivell\u2026 Avui dia \u00e9s l'incentiu perfecte per a joves d\u2019aquesta edat. A vegades ens arriba a desbordar el seu entusiasme per llegir noves lectures perqu\u00e8 venen sovint a demanar llibres en pr\u00e9stec i, fins i tot, en alguna ocasi\u00f3, amb un objectiu concret, com ara aconseguir \u00abla medalla del misteri\u00bb. \u00c9s, per tant, <strong>un gran incentiu perqu\u00e8 surtin de la seva zona de confort i descobreixin nous g\u00e8neres<\/strong>.<\/p>\n\n\n\n<p class=\"translation-block\">D'altra banda, als docents ens ha ajudat molt\u00edssim <strong>perqu\u00e8 els joves s'endinsen en la lectura amb moltes ganes<\/strong>. La <strong>gran varietat de llibres<\/strong> que ofereix \u00e9s molt atractiva per a tots els alumnes, ja que fins i tot el menys lector busca a la plataforma i en troba algun que li crida l\u2019atenci\u00f3. Aix\u00f2 \u00e9s un factor molt positiu.<\/p>\n\n\n\n<p class=\"translation-block\">Una altra gran ajuda \u00e9s tot el retorn que tenim del que han llegit, \u00e9s a dir, poder <strong>analitzar les dificultats en comprensi\u00f3 lectora<\/strong> i trobar els mitjans per refor\u00e7ar el seu progr\u00e9s.<\/p>\n\n\n\n<figure class=\"wp-block-image size-full\"><img data-recalc-dims=\"1\" data-dominant-color=\"97897a\" data-has-transparency=\"false\" style=\"--dominant-color: #97897a;\" loading=\"lazy\" decoding=\"async\" width=\"1131\" height=\"635\" data-attachment-id=\"12316\" data-permalink=\"https:\/\/legiland.cat\/ca\/entrevista\/cristina-heras-plaifarreras\/attachment\/img_20241105_141642\/\" data-orig-file=\"https:\/\/i0.wp.com\/legiland.cat\/wp-content\/uploads\/2021\/04\/img_20241105_141642.webp?fit=1250%2C702&amp;ssl=1\" data-orig-size=\"1250,702\" data-comments-opened=\"0\" data-image-meta=\"{&quot;aperture&quot;:&quot;0&quot;,&quot;credit&quot;:&quot;&quot;,&quot;camera&quot;:&quot;&quot;,&quot;caption&quot;:&quot;&quot;,&quot;created_timestamp&quot;:&quot;0&quot;,&quot;copyright&quot;:&quot;&quot;,&quot;focal_length&quot;:&quot;0&quot;,&quot;iso&quot;:&quot;0&quot;,&quot;shutter_speed&quot;:&quot;0&quot;,&quot;title&quot;:&quot;&quot;,&quot;orientation&quot;:&quot;0&quot;}\" data-image-title=\"img_20241105_141642\" data-image-description=\"\" data-image-caption=\"\" data-large-file=\"https:\/\/i0.wp.com\/legiland.cat\/wp-content\/uploads\/2021\/04\/img_20241105_141642.webp?fit=1131%2C635&amp;ssl=1\" sizes=\"auto, (max-width: 1131px) 100vw, 1131px\" src=\"https:\/\/i0.wp.com\/legiland.cat\/wp-content\/uploads\/2021\/04\/img_20241105_141642.webp?resize=1131%2C635&#038;ssl=1\" alt=\"\" class=\"wp-image-12316 not-transparent\" srcset=\"https:\/\/i0.wp.com\/legiland.cat\/wp-content\/uploads\/2021\/04\/img_20241105_141642.webp?w=1250&amp;ssl=1 1250w, https:\/\/i0.wp.com\/legiland.cat\/wp-content\/uploads\/2021\/04\/img_20241105_141642.webp?resize=640%2C359&amp;ssl=1 640w, https:\/\/i0.wp.com\/legiland.cat\/wp-content\/uploads\/2021\/04\/img_20241105_141642.webp?resize=768%2C431&amp;ssl=1 768w, https:\/\/i0.wp.com\/legiland.cat\/wp-content\/uploads\/2021\/04\/img_20241105_141642.webp?resize=18%2C10&amp;ssl=1 18w\" \/><figcaption class=\"wp-element-caption\">Imatge de la biblioteca de l'INS Joaquima Pla i Farreras<\/figcaption><\/figure>\n\n\n\n<h4 class=\"wp-block-heading\" id=\"h-los-alumnos-estan-leyendo-mas-y-por-cuenta-propia\">\u00bfEls alumnes estan llegint m\u00e9s i pel seu compte?<\/h4>\n\n\n\n<p class=\"translation-block\">Molt m\u00e9s, s\u00ed. A primer d'ESO, que \u00e9s on t\u00e9 m\u00e9s \u00e8xit, el pr\u00e9stec de llibres \u00e9s continu. <strong>Entren en una din\u00e0mica molt bona: llegeixen un llibre, i com que poden buscar llibres similars, s'interessen per un altre i continuen llegint<\/strong>. I, de sobte, en el seguiment, veig que un alumne de dotze anys, en un curs o en dos trimestres que portem, ha llegit i ent\u00e8s sis, set, vuit, deu, dotze llibres. \u00c9s impressionant. Fins i tot alguns m'han dit que els havia agradat tant algun llibre en concret que l'havien comentat amb els seus pares, i aquests volien tamb\u00e9 llegir-lo.<\/p>\n\n\n\n<h4 class=\"wp-block-heading\" id=\"h-en-caso-de-tener-lecturas-prescriptivas-como-lo-haceis\">En el cas de tenir lectures prescriptives, com l'aprofiteu?<\/h4>\n\n\n\n<p class=\"translation-block\">En aquest cas, ens facilita molt la <strong>possibilitat de crear \u00abprestatgeries\u00bb<\/strong>, perqu\u00e8 podem organitzar les lectures per tem\u00e0tiques o en funci\u00f3 del rang de lectures entre les quals volem que tri\u00efn i els convidem que dins d'aquesta selecci\u00f3 tri\u00efn la lectura que m\u00e9s els agradi.<\/p>\n\n\n\n<h4 class=\"wp-block-heading\" id=\"h-y-en-cuanto-a-la-comprension-lectora-habeis-constatado-un-progreso-positivo\">I pel que fa a la comprensi\u00f3 lectora, \u00bfheu constatat un progr\u00e9s positiu?<\/h4>\n\n\n\n<p class=\"translation-block\">Fa 4 anys que fem Legiland i, efectivament, hem vist de manera objectiva, \u00e9s a dir, amb les proves de compet\u00e8ncies b\u00e0siques que realitzen els alumnes a quart d\u2019ESO, que <strong>hi ha hagut un increment molt positiu com a centre<\/strong>, cosa que ens ha posicionat tant en Llengua Castellana com en Llengua Catalana per sobre de la mitjana en comprensi\u00f3 lectora, destacant alumnes d\u2019un nivell molt alt.<\/p>\n\n\n\n<p class=\"translation-block\">Sens dubte, <strong>ho atribu\u00efm en gran part al fet d\u2019haver potenciat la lectura amb Legiland com un element important en el nostre projecte d\u2019impuls a la lectura<\/strong>.<\/p>\n\n\n\n<h4 class=\"wp-block-heading\" id=\"h-mas-alla-de-las-asignaturas-de-catalan-castellano-e-ingles-en-que-sentido-crees-que-la-lectura-ayuda-tambien-al-alumnado-en-otras-asignaturas\">M\u00e9s enll\u00e0 de les assignatures de catal\u00e0, castell\u00e0 i angl\u00e8s, \u00bfen quin sentit creus que Legiland ajuda tamb\u00e9 l'alumnat en altres assignatures?<\/h4>\n\n\n\n<p class=\"translation-block\">\u00c9s absolutament transversal. El que intentem \u00e9s buscar llibres que estiguin connectats amb totes les mat\u00e8ries. Fins i tot ho tenim una mica distribu\u00eft per cursos i <strong>triem lectures relacionades amb les diferents assignatures<\/strong>. Per exemple, una lectura com <em>Finis Mundi<\/em> serveix per treballar molt\u00edssim el context hist\u00f2ric i ling\u00fc\u00edstic de l'Edat Mitjana, per tant, est\u00e0 relacionat amb l'assignatura de Socials.<\/p>\n\n\n\n<p class=\"translation-block\">Hi ha molt\u00edssims llibres de mitologia i altres aspectes del m\u00f3n grecorom\u00e0 per a quan estudien tamb\u00e9 aquest per\u00edode i \u00e9s una del\u00edcia. O, per exemple, <em>L'evoluci\u00f3 de Calpurnia Tate<\/em>, per incentivar el gust per la biologia, \u00e9s meravell\u00f3s. Perqu\u00e8 no ho volem associar a les lleng\u00fces, sin\u00f3 que <strong>un dels objectius \u00e9s que la lectura desperti interessos en tots els \u00e0mbits<\/strong>.<\/p>\n\n\n\n<p class=\"translation-block\">Un altre exemple \u00e9s el llibre de <em>La porta dels tres panys<\/em>, la lectura ha ajudat alguns alumnes a descobrir el seu inter\u00e8s per la F\u00edsica. <strong>La varietat \u00e9s molt \u00e0mplia<\/strong>. Durant la setmana de Sant Jordi, per exemple, intentem que els professors de cada mat\u00e8ria recomanin lectures de la seva assignatura als seus alumnes.<\/p>\n\n\n\n<p class=\"translation-block\">Un senyal molt positiu \u00e9s <strong>que els alumnes vegin el llibre com un company indispensable per a un viatge o com una activitat l\u00fadica en qu\u00e8 ocupar el seu temps d\u2019oci<\/strong>.<\/p>\n\n\n\n<p>Una an\u00e8cdota que recordo d'aquesta \u00faltima Setmana Santa va ser que una alumna em va dir: \u00abNo et puc tornar el llibre perqu\u00e8 no l'he acabat encara, per\u00f2... No vull estar per Setmana Santa sense llibre, em pots prestar un altre per a les vacances?\u00bb i vaig pensar, que bo!, t\u00e9 vacances i no vol quedar-se sense llibre! No s\u00e9, aconseguir aix\u00f2 \u00e9s un gran \u00e8xit.<\/p>\n\n\n\n<h4 class=\"wp-block-heading\" id=\"h-para-ninos-con-alguna-dificultad-lectora-cual-es-vuestra-experiencia-con-los-libros-de-lectura-facil\">Per als nens amb alguna dificultat lectora, \u00bfquina \u00e9s la vostra experi\u00e8ncia amb els llibres de lectura f\u00e0cil?<\/h4>\n\n\n\n<p>Ens va molt b\u00e9 perqu\u00e8 s\u00f3n bastants els alumnes que no podrien llegir sense aquest tipus de llibres. I tamb\u00e9 \u00e9s positiu el fet que puguem nosaltres determinar que un alumne amb dificultats tingui m\u00e9s temps per resoldre els q\u00fcestionaris, multiplicant el temps per tres, per exemple.<\/p>\n\n\n\n<p class=\"translation-block\">\u00c9s a dir, <strong>la possibilitat de personalitzar l'experi\u00e8ncia de l'alumne a la plataforma per adaptar-la al seu perfil en cas de necessitar-ho ens permet atendre la diversitat i integrar a tots els alumnes<\/strong>.<\/p>\n\n\n\n<h4 class=\"wp-block-heading\" id=\"h-para-terminar-por-que-recomendarias-legiland\">Per acabar, \u00bfper qu\u00e8 recomanaries Legiland?<\/h4>\n\n\n\n<p class=\"translation-block\">A m\u00e9s de per tot el mencionat anteriorment, ho faria per l'<strong>equip<\/strong> que el forma, <strong>treballar amb vosaltres \u00e9s un plaer<\/strong>. A m\u00e9s de la <strong>immediatesa, la proximitat i l'actitud resolutiva<\/strong> davant qualsevol problema o incid\u00e8ncia, m'encanta l'obertura que teniu davant els suggeriments. \u00c9s una del\u00edcia perqu\u00e8 sou propers i immediats i no \u00e9s habitual, ni estem acostumats.<\/p>\n\n\n\n<p>Aix\u00ed mateix, en el nostre cas, que ja ten\u00edem una plataforma de gesti\u00f3 interna, vau facilitar la connexi\u00f3 a Legiland a trav\u00e9s d'aquesta i ho valorem molt, perqu\u00e8 sabem que va suposar un treball inicial important, una implicaci\u00f3 i un tracte fenomenal.<\/p>\n\n\n\n<p class=\"translation-block\">En definitiva, Legiland \u00e9s una <strong>gran ajuda per incentivar els alumnes a que agafin la lectura amb ganes i ens facilita molt la tasca als docents<\/strong> en dos aspectes. Per una banda, en la <strong>motivaci\u00f3<\/strong>, perqu\u00e8 quan entren a la plataforma ja es motiven sols i la seva implicaci\u00f3 \u00e9s un regal. I per altra banda, per <strong>la informaci\u00f3 que proporciona la plataforma<\/strong> en recollir tots aquests resultats.<\/p>\n\n\n\n<p class=\"translation-block\">El fet de veure en cada pregunta quin tipus d'error han com\u00e8s ens ajuda a veure si realment els ha faltat una mica d'atenci\u00f3, perqu\u00e8 es tractava d'un detall, o si no estan comprenent en absolut la lectura. <strong>Tota ajuda per millorar la comprensi\u00f3 lectora \u00e9s benvinguda, ja que sense ella l'aprenentatge \u00e9s molt dif\u00edcil, o pr\u00e0cticament impossible<\/strong>.<\/p>\n\n\n\n<div style=\"height:100px\" aria-hidden=\"true\" class=\"wp-block-spacer\"><\/div>\n\n\n<div class=\"alignwide-wrap\" data-block=\"media-text\">\n<div class=\"wp-block-media-text is-stacked-on-mobile is-style-abs-wavy\"><figure class=\"wp-block-media-text__media\"><img data-recalc-dims=\"1\" data-dominant-color=\"908472\" data-has-transparency=\"false\" style=\"--dominant-color: #908472;\" loading=\"lazy\" decoding=\"async\" width=\"1131\" height=\"848\" data-attachment-id=\"12317\" data-permalink=\"https:\/\/legiland.cat\/ca\/entrevista\/cristina-heras-plaifarreras\/attachment\/biblioteca-joaquima-pla-farreras-2\/\" data-orig-file=\"https:\/\/i0.wp.com\/legiland.cat\/wp-content\/uploads\/2021\/04\/biblioteca-joaquima-pla-farreras-scaled.jpg?fit=2560%2C1920&amp;ssl=1\" data-orig-size=\"2560,1920\" data-comments-opened=\"0\" data-image-meta=\"{&quot;aperture&quot;:&quot;0&quot;,&quot;credit&quot;:&quot;&quot;,&quot;camera&quot;:&quot;&quot;,&quot;caption&quot;:&quot;&quot;,&quot;created_timestamp&quot;:&quot;0&quot;,&quot;copyright&quot;:&quot;&quot;,&quot;focal_length&quot;:&quot;0&quot;,&quot;iso&quot;:&quot;0&quot;,&quot;shutter_speed&quot;:&quot;0&quot;,&quot;title&quot;:&quot;&quot;,&quot;orientation&quot;:&quot;1&quot;}\" data-image-title=\"biblioteca-joaquima-pla-farreras\" data-image-description=\"\" data-image-caption=\"\" data-large-file=\"https:\/\/i0.wp.com\/legiland.cat\/wp-content\/uploads\/2021\/04\/biblioteca-joaquima-pla-farreras-scaled.jpg?fit=1131%2C848&amp;ssl=1\" src=\"https:\/\/i0.wp.com\/legiland.cat\/wp-content\/uploads\/2021\/04\/biblioteca-joaquima-pla-farreras.jpg?resize=1131%2C848&#038;ssl=1\" alt=\"\" class=\"wp-image-12317 size-full not-transparent\" srcset=\"https:\/\/i0.wp.com\/legiland.cat\/wp-content\/uploads\/2021\/04\/biblioteca-joaquima-pla-farreras-scaled.jpg?resize=1320%2C990&amp;ssl=1 1320w, https:\/\/i0.wp.com\/legiland.cat\/wp-content\/uploads\/2021\/04\/biblioteca-joaquima-pla-farreras-scaled.jpg?resize=640%2C480&amp;ssl=1 640w, https:\/\/i0.wp.com\/legiland.cat\/wp-content\/uploads\/2021\/04\/biblioteca-joaquima-pla-farreras-scaled.jpg?resize=768%2C576&amp;ssl=1 768w, https:\/\/i0.wp.com\/legiland.cat\/wp-content\/uploads\/2021\/04\/biblioteca-joaquima-pla-farreras-scaled.jpg?resize=1536%2C1152&amp;ssl=1 1536w, https:\/\/i0.wp.com\/legiland.cat\/wp-content\/uploads\/2021\/04\/biblioteca-joaquima-pla-farreras-scaled.jpg?resize=2048%2C1536&amp;ssl=1 2048w, https:\/\/i0.wp.com\/legiland.cat\/wp-content\/uploads\/2021\/04\/biblioteca-joaquima-pla-farreras-scaled.jpg?resize=16%2C12&amp;ssl=1 16w, https:\/\/i0.wp.com\/legiland.cat\/wp-content\/uploads\/2021\/04\/biblioteca-joaquima-pla-farreras-scaled.jpg?w=2262&amp;ssl=1 2262w\" sizes=\"auto, (max-width: 1131px) 100vw, 1131px\" \/><\/figure><div class=\"wp-block-media-text__content\">\n<p>L'INS Joaquima Pla i Farreras \u00e9s un centre p\u00fablic de secund\u00e0ria de Sant Cugat del Vall\u00e8s.<\/p>\n\n\n\n<p><strong>Van comen\u00e7ar amb Legiland el 2017 i l\u2019han implementat de primer a quart d\u2019ESO.<\/strong><\/p>\n<\/div><\/div>\n<\/div>","protected":false},"excerpt":{"rendered":"<div class=\"entry-summary\">\nConeix l'opini\u00f3 de Cristina Heras, professora de lleng\u00fces cl\u00e0ssiques de l'Institut Joaquima Pla i Farreras.\n<\/div>\n<div class=\"link-more-container\"><a href=\"https:\/\/legiland.cat\/ca\/entrevista\/cristina-heras-plaifarreras\/\" class=\"link-more\" aria-label=\"Continue reading Instituto Joaquima Pla i Farreras\">Continue reading&hellip;<\/a><\/div>","protected":false},"author":3,"featured_media":9899,"comment_status":"closed","ping_status":"closed","sticky":false,"template":"templates\/no-intro.php","format":"standard","meta":{"_jetpack_memberships_contains_paid_content":false,"footnotes":""},"categories":[6],"tags":[],"class_list":["post-1662","post","type-post","status-publish","format-standard","has-post-thumbnail","hentry","category-entrevista","entry","entry-type-post"],"yoast_head":"<!-- This site is optimized with the Yoast SEO Premium plugin v22.5 (Yoast SEO v27.2) - https:\/\/yoast.com\/product\/yoast-seo-premium-wordpress\/ -->\n<title>Instituto Joaquima Pla i Farreras - Legiland<\/title>\n<meta name=\"description\" content=\"Conoce la opini\u00f3n de Cristina Heras, profesora de lenguas cl\u00e1sicas del Instituto Joaquima Pla i Farreras, sobre Legiland.\" \/>\n<meta name=\"robots\" content=\"index, follow, max-snippet:-1, max-image-preview:large, max-video-preview:-1\" \/>\n<link rel=\"canonical\" href=\"https:\/\/legiland.cat\/ca\/entrevista\/cristina-heras-plaifarreras\/\" \/>\n<meta property=\"og:locale\" content=\"ca_ES\" \/>\n<meta property=\"og:type\" content=\"article\" \/>\n<meta property=\"og:title\" content=\"Instituto Joaquima Pla i Farreras\" \/>\n<meta property=\"og:description\" content=\"Conoce la opini\u00f3n de Cristina Heras, profesora de lenguas cl\u00e1sicas del Instituto Joaquima Pla i Farreras, sobre Legiland.\" \/>\n<meta property=\"og:url\" content=\"https:\/\/legiland.cat\/ca\/entrevista\/cristina-heras-plaifarreras\/\" \/>\n<meta property=\"og:site_name\" content=\"Legiland\" \/>\n<meta property=\"article:published_time\" content=\"2021-04-26T10:28:42+00:00\" \/>\n<meta property=\"article:modified_time\" content=\"2025-04-04T12:23:56+00:00\" \/>\n<meta property=\"og:image\" content=\"https:\/\/legiland.cat\/wp-content\/uploads\/2025\/04\/SEO-Card_Testimonios_es.jpg\" \/>\n\t<meta property=\"og:image:width\" content=\"1201\" \/>\n\t<meta property=\"og:image:height\" content=\"631\" \/>\n\t<meta property=\"og:image:type\" content=\"image\/jpeg\" \/>\n<meta name=\"author\" content=\"Ver\u00f3nica Orozco\" \/>\n<meta name=\"twitter:card\" content=\"summary_large_image\" \/>\n<meta name=\"twitter:description\" content=\"Conoce la opini\u00f3n de Cristina Heras, profesora de lenguas cl\u00e1sicas del Instituto Joaquima Pla i Farreras, sobre Legiland.\" \/>\n<meta name=\"twitter:creator\" content=\"@legiland\" \/>\n<meta name=\"twitter:site\" content=\"@legiland\" \/>\n<script type=\"application\/ld+json\" class=\"yoast-schema-graph\">{\"@context\":\"https:\/\/schema.org\",\"@graph\":[{\"@type\":\"Article\",\"@id\":\"https:\/\/legiland.cat\/entrevista\/cristina-heras-plaifarreras\/#article\",\"isPartOf\":{\"@id\":\"https:\/\/legiland.cat\/entrevista\/cristina-heras-plaifarreras\/\"},\"author\":{\"name\":\"Ver\u00f3nica Orozco\",\"@id\":\"https:\/\/legiland.cat\/#\/schema\/person\/767a1b8883837a268289bdc08f533203\"},\"headline\":\"Instituto Joaquima Pla i Farreras\",\"datePublished\":\"2021-04-26T10:28:42+00:00\",\"dateModified\":\"2025-04-04T12:23:56+00:00\",\"mainEntityOfPage\":{\"@id\":\"https:\/\/legiland.cat\/entrevista\/cristina-heras-plaifarreras\/\"},\"wordCount\":1337,\"publisher\":{\"@id\":\"https:\/\/legiland.cat\/#organization\"},\"image\":{\"@id\":\"https:\/\/legiland.cat\/entrevista\/cristina-heras-plaifarreras\/#primaryimage\"},\"thumbnailUrl\":\"https:\/\/i0.wp.com\/legiland.cat\/wp-content\/uploads\/2021\/04\/cristina-playfa.webp?fit=500%2C500&ssl=1\",\"articleSection\":[\"Testimonios\"],\"inLanguage\":\"ca\"},{\"@type\":\"WebPage\",\"@id\":\"https:\/\/legiland.cat\/entrevista\/cristina-heras-plaifarreras\/\",\"url\":\"https:\/\/legiland.cat\/entrevista\/cristina-heras-plaifarreras\/\",\"name\":\"Instituto Joaquima Pla i Farreras - Legiland\",\"isPartOf\":{\"@id\":\"https:\/\/legiland.cat\/#website\"},\"primaryImageOfPage\":{\"@id\":\"https:\/\/legiland.cat\/entrevista\/cristina-heras-plaifarreras\/#primaryimage\"},\"image\":{\"@id\":\"https:\/\/legiland.cat\/entrevista\/cristina-heras-plaifarreras\/#primaryimage\"},\"thumbnailUrl\":\"https:\/\/i0.wp.com\/legiland.cat\/wp-content\/uploads\/2021\/04\/cristina-playfa.webp?fit=500%2C500&ssl=1\",\"datePublished\":\"2021-04-26T10:28:42+00:00\",\"dateModified\":\"2025-04-04T12:23:56+00:00\",\"description\":\"Conoce la opini\u00f3n de Cristina Heras, profesora de lenguas cl\u00e1sicas del Instituto Joaquima Pla i Farreras, sobre Legiland.\",\"breadcrumb\":{\"@id\":\"https:\/\/legiland.cat\/entrevista\/cristina-heras-plaifarreras\/#breadcrumb\"},\"inLanguage\":\"ca\",\"potentialAction\":[{\"@type\":\"ReadAction\",\"target\":[\"https:\/\/legiland.cat\/entrevista\/cristina-heras-plaifarreras\/\"]}]},{\"@type\":\"ImageObject\",\"inLanguage\":\"ca\",\"@id\":\"https:\/\/legiland.cat\/entrevista\/cristina-heras-plaifarreras\/#primaryimage\",\"url\":\"https:\/\/i0.wp.com\/legiland.cat\/wp-content\/uploads\/2021\/04\/cristina-playfa.webp?fit=500%2C500&ssl=1\",\"contentUrl\":\"https:\/\/i0.wp.com\/legiland.cat\/wp-content\/uploads\/2021\/04\/cristina-playfa.webp?fit=500%2C500&ssl=1\",\"width\":500,\"height\":500},{\"@type\":\"BreadcrumbList\",\"@id\":\"https:\/\/legiland.cat\/entrevista\/cristina-heras-plaifarreras\/#breadcrumb\",\"itemListElement\":[{\"@type\":\"ListItem\",\"position\":1,\"name\":\"Home\",\"item\":\"https:\/\/legiland.cat\/\"},{\"@type\":\"ListItem\",\"position\":2,\"name\":\"Instituto Joaquima Pla i Farreras\"}]},{\"@type\":\"WebSite\",\"@id\":\"https:\/\/legiland.cat\/#website\",\"url\":\"https:\/\/legiland.cat\/\",\"name\":\"Legiland\",\"description\":\"Lectura escolar en papel y seguimiento real de la comprensi\u00f3n lectora\",\"publisher\":{\"@id\":\"https:\/\/legiland.cat\/#organization\"},\"alternateName\":\"Plataforma de lectura\",\"potentialAction\":[{\"@type\":\"SearchAction\",\"target\":{\"@type\":\"EntryPoint\",\"urlTemplate\":\"https:\/\/legiland.cat\/?s={search_term_string}\"},\"query-input\":{\"@type\":\"PropertyValueSpecification\",\"valueRequired\":true,\"valueName\":\"search_term_string\"}}],\"inLanguage\":\"ca\"},{\"@type\":\"Organization\",\"@id\":\"https:\/\/legiland.cat\/#organization\",\"name\":\"Legiland\",\"url\":\"https:\/\/legiland.cat\/\",\"logo\":{\"@type\":\"ImageObject\",\"inLanguage\":\"ca\",\"@id\":\"https:\/\/legiland.cat\/#\/schema\/logo\/image\/\",\"url\":\"https:\/\/i0.wp.com\/legiland.cat\/wp-content\/uploads\/2024\/01\/logo-legiland-amarillo-framed.png?fit=1806%2C706&ssl=1\",\"contentUrl\":\"https:\/\/i0.wp.com\/legiland.cat\/wp-content\/uploads\/2024\/01\/logo-legiland-amarillo-framed.png?fit=1806%2C706&ssl=1\",\"width\":1806,\"height\":706,\"caption\":\"Legiland\"},\"image\":{\"@id\":\"https:\/\/legiland.cat\/#\/schema\/logo\/image\/\"},\"sameAs\":[\"https:\/\/x.com\/legiland\"],\"legalName\":\"Yoleo Edutainment SL\",\"foundingDate\":\"2013-03-29\",\"vatID\":\"B66011040\"},{\"@type\":\"Person\",\"@id\":\"https:\/\/legiland.cat\/#\/schema\/person\/767a1b8883837a268289bdc08f533203\",\"name\":\"Ver\u00f3nica Orozco\",\"image\":{\"@type\":\"ImageObject\",\"inLanguage\":\"ca\",\"@id\":\"https:\/\/secure.gravatar.com\/avatar\/48b9dbc8aad62bcff2cd1ab2e90fe8487b34b25bc1e3f7e992284701a6ac688b?s=96&d=mm&r=g\",\"url\":\"https:\/\/secure.gravatar.com\/avatar\/48b9dbc8aad62bcff2cd1ab2e90fe8487b34b25bc1e3f7e992284701a6ac688b?s=96&d=mm&r=g\",\"contentUrl\":\"https:\/\/secure.gravatar.com\/avatar\/48b9dbc8aad62bcff2cd1ab2e90fe8487b34b25bc1e3f7e992284701a6ac688b?s=96&d=mm&r=g\",\"caption\":\"Ver\u00f3nica Orozco\"},\"url\":\"https:\/\/legiland.cat\/ca\/author\/veronica-orozco\/\"}]}<\/script>\n<!-- \/ Yoast SEO Premium plugin. -->","yoast_head_json":{"title":"Instituto Joaquima Pla i Farreras - Legiland","description":"Coneix l'opini\u00f3 de Cristina Heras, professora de lleng\u00fces cl\u00e0ssiques de l'Institut Joaquima Pla i Farreras.","robots":{"index":"index","follow":"follow","max-snippet":"max-snippet:-1","max-image-preview":"max-image-preview:large","max-video-preview":"max-video-preview:-1"},"canonical":"https:\/\/legiland.cat\/ca\/entrevista\/cristina-heras-plaifarreras\/","og_locale":"ca_ES","og_type":"article","og_title":"Instituto Joaquima Pla i Farreras","og_description":"Conoce la opini\u00f3n de Cristina Heras, profesora de lenguas cl\u00e1sicas del Instituto Joaquima Pla i Farreras, sobre Legiland.","og_url":"https:\/\/legiland.cat\/ca\/entrevista\/cristina-heras-plaifarreras\/","og_site_name":"Legiland","article_published_time":"2021-04-26T10:28:42+00:00","article_modified_time":"2025-04-04T12:23:56+00:00","og_image":[{"width":1201,"height":631,"url":"https:\/\/legiland.cat\/wp-content\/uploads\/2025\/04\/SEO-Card_Testimonios_es.jpg","type":"image\/jpeg"}],"author":"Ver\u00f3nica Orozco","twitter_card":"summary_large_image","twitter_description":"Conoce la opini\u00f3n de Cristina Heras, profesora de lenguas cl\u00e1sicas del Instituto Joaquima Pla i Farreras, sobre Legiland.","twitter_creator":"@legiland","twitter_site":"@legiland","schema":{"@context":"https:\/\/schema.org","@graph":[{"@type":"Article","@id":"https:\/\/legiland.cat\/entrevista\/cristina-heras-plaifarreras\/#article","isPartOf":{"@id":"https:\/\/legiland.cat\/entrevista\/cristina-heras-plaifarreras\/"},"author":{"name":"Ver\u00f3nica Orozco","@id":"https:\/\/legiland.cat\/#\/schema\/person\/767a1b8883837a268289bdc08f533203"},"headline":"Instituto Joaquima Pla i Farreras","datePublished":"2021-04-26T10:28:42+00:00","dateModified":"2025-04-04T12:23:56+00:00","mainEntityOfPage":{"@id":"https:\/\/legiland.cat\/entrevista\/cristina-heras-plaifarreras\/"},"wordCount":1337,"publisher":{"@id":"https:\/\/legiland.cat\/#organization"},"image":{"@id":"https:\/\/legiland.cat\/entrevista\/cristina-heras-plaifarreras\/#primaryimage"},"thumbnailUrl":"https:\/\/i0.wp.com\/legiland.cat\/wp-content\/uploads\/2021\/04\/cristina-playfa.webp?fit=500%2C500&ssl=1","articleSection":["Testimonios"],"inLanguage":"ca"},{"@type":"WebPage","@id":"https:\/\/legiland.cat\/entrevista\/cristina-heras-plaifarreras\/","url":"https:\/\/legiland.cat\/entrevista\/cristina-heras-plaifarreras\/","name":"Instituto Joaquima Pla i Farreras - Legiland","isPartOf":{"@id":"https:\/\/legiland.cat\/#website"},"primaryImageOfPage":{"@id":"https:\/\/legiland.cat\/entrevista\/cristina-heras-plaifarreras\/#primaryimage"},"image":{"@id":"https:\/\/legiland.cat\/entrevista\/cristina-heras-plaifarreras\/#primaryimage"},"thumbnailUrl":"https:\/\/i0.wp.com\/legiland.cat\/wp-content\/uploads\/2021\/04\/cristina-playfa.webp?fit=500%2C500&ssl=1","datePublished":"2021-04-26T10:28:42+00:00","dateModified":"2025-04-04T12:23:56+00:00","description":"Coneix l'opini\u00f3 de Cristina Heras, professora de lleng\u00fces cl\u00e0ssiques de l'Institut Joaquima Pla i Farreras.","breadcrumb":{"@id":"https:\/\/legiland.cat\/entrevista\/cristina-heras-plaifarreras\/#breadcrumb"},"inLanguage":"ca","potentialAction":[{"@type":"ReadAction","target":["https:\/\/legiland.cat\/entrevista\/cristina-heras-plaifarreras\/"]}]},{"@type":"ImageObject","inLanguage":"ca","@id":"https:\/\/legiland.cat\/entrevista\/cristina-heras-plaifarreras\/#primaryimage","url":"https:\/\/i0.wp.com\/legiland.cat\/wp-content\/uploads\/2021\/04\/cristina-playfa.webp?fit=500%2C500&ssl=1","contentUrl":"https:\/\/i0.wp.com\/legiland.cat\/wp-content\/uploads\/2021\/04\/cristina-playfa.webp?fit=500%2C500&ssl=1","width":500,"height":500},{"@type":"BreadcrumbList","@id":"https:\/\/legiland.cat\/entrevista\/cristina-heras-plaifarreras\/#breadcrumb","itemListElement":[{"@type":"ListItem","position":1,"name":"Home","item":"https:\/\/legiland.cat\/"},{"@type":"ListItem","position":2,"name":"Instituto Joaquima Pla i Farreras"}]},{"@type":"WebSite","@id":"https:\/\/legiland.cat\/#website","url":"https:\/\/legiland.cat\/","name":"Legiland","description":"Lectura escolar en papel y seguimiento real de la comprensi\u00f3n lectora","publisher":{"@id":"https:\/\/legiland.cat\/#organization"},"alternateName":"Plataforma de lectura","potentialAction":[{"@type":"SearchAction","target":{"@type":"EntryPoint","urlTemplate":"https:\/\/legiland.cat\/?s={search_term_string}"},"query-input":{"@type":"PropertyValueSpecification","valueRequired":true,"valueName":"search_term_string"}}],"inLanguage":"ca"},{"@type":"Organization","@id":"https:\/\/legiland.cat\/#organization","name":"Legiland","url":"https:\/\/legiland.cat\/","logo":{"@type":"ImageObject","inLanguage":"ca","@id":"https:\/\/legiland.cat\/#\/schema\/logo\/image\/","url":"https:\/\/i0.wp.com\/legiland.cat\/wp-content\/uploads\/2024\/01\/logo-legiland-amarillo-framed.png?fit=1806%2C706&ssl=1","contentUrl":"https:\/\/i0.wp.com\/legiland.cat\/wp-content\/uploads\/2024\/01\/logo-legiland-amarillo-framed.png?fit=1806%2C706&ssl=1","width":1806,"height":706,"caption":"Legiland"},"image":{"@id":"https:\/\/legiland.cat\/#\/schema\/logo\/image\/"},"sameAs":["https:\/\/x.com\/legiland"],"legalName":"Yoleo Edutainment SL","foundingDate":"2013-03-29","vatID":"B66011040"},{"@type":"Person","@id":"https:\/\/legiland.cat\/#\/schema\/person\/767a1b8883837a268289bdc08f533203","name":"Ver\u00f3nica Orozco","image":{"@type":"ImageObject","inLanguage":"ca","@id":"https:\/\/secure.gravatar.com\/avatar\/48b9dbc8aad62bcff2cd1ab2e90fe8487b34b25bc1e3f7e992284701a6ac688b?s=96&d=mm&r=g","url":"https:\/\/secure.gravatar.com\/avatar\/48b9dbc8aad62bcff2cd1ab2e90fe8487b34b25bc1e3f7e992284701a6ac688b?s=96&d=mm&r=g","contentUrl":"https:\/\/secure.gravatar.com\/avatar\/48b9dbc8aad62bcff2cd1ab2e90fe8487b34b25bc1e3f7e992284701a6ac688b?s=96&d=mm&r=g","caption":"Ver\u00f3nica Orozco"},"url":"https:\/\/legiland.cat\/ca\/author\/veronica-orozco\/"}]}},"jetpack_featured_media_url":"https:\/\/i0.wp.com\/legiland.cat\/wp-content\/uploads\/2021\/04\/cristina-playfa.webp?fit=500%2C500&ssl=1","jetpack_sharing_enabled":true,"_links":{"self":[{"href":"https:\/\/legiland.cat\/ca\/wp-json\/wp\/v2\/posts\/1662","targetHints":{"allow":["GET"]}}],"collection":[{"href":"https:\/\/legiland.cat\/ca\/wp-json\/wp\/v2\/posts"}],"about":[{"href":"https:\/\/legiland.cat\/ca\/wp-json\/wp\/v2\/types\/post"}],"author":[{"embeddable":true,"href":"https:\/\/legiland.cat\/ca\/wp-json\/wp\/v2\/users\/3"}],"replies":[{"embeddable":true,"href":"https:\/\/legiland.cat\/ca\/wp-json\/wp\/v2\/comments?post=1662"}],"version-history":[{"count":20,"href":"https:\/\/legiland.cat\/ca\/wp-json\/wp\/v2\/posts\/1662\/revisions"}],"predecessor-version":[{"id":14130,"href":"https:\/\/legiland.cat\/ca\/wp-json\/wp\/v2\/posts\/1662\/revisions\/14130"}],"wp:featuredmedia":[{"embeddable":true,"href":"https:\/\/legiland.cat\/ca\/wp-json\/wp\/v2\/media\/9899"}],"wp:attachment":[{"href":"https:\/\/legiland.cat\/ca\/wp-json\/wp\/v2\/media?parent=1662"}],"wp:term":[{"taxonomy":"category","embeddable":true,"href":"https:\/\/legiland.cat\/ca\/wp-json\/wp\/v2\/categories?post=1662"},{"taxonomy":"post_tag","embeddable":true,"href":"https:\/\/legiland.cat\/ca\/wp-json\/wp\/v2\/tags?post=1662"}],"curies":[{"name":"wp","href":"https:\/\/api.w.org\/{rel}","templated":true}]}}