{"id":1760,"date":"2021-06-09T09:17:52","date_gmt":"2021-06-09T09:17:52","guid":{"rendered":"https:\/\/legiland.cat\/?p=1760"},"modified":"2025-04-04T12:25:32","modified_gmt":"2025-04-04T12:25:32","slug":"experiencies-legiland-javier-morales","status":"publish","type":"post","link":"https:\/\/legiland.cat\/ca\/entrevista\/experiencies-legiland-javier-morales\/","title":{"rendered":"INS Creu de Saba"},"content":{"rendered":"<h2 class=\"wp-block-heading\" id=\"h-ins-creu-de-saba\">INS Creu de Saba<\/h2>\n\n\n\n<div class=\"wp-block-group has-background is-layout-grid wp-container-core-group-is-layout-baef362d wp-block-group-is-layout-grid\" style=\"border-radius:50px;background-color:#fefeff\"><figure style=\"padding-right:var(--wp--preset--spacing--50);padding-left:var(--wp--preset--spacing--50);\" class=\"wp-block-post-featured-image\"><img data-recalc-dims=\"1\" loading=\"lazy\" decoding=\"async\" width=\"400\" height=\"400\" src=\"https:\/\/i0.wp.com\/legiland.cat\/wp-content\/uploads\/2021\/06\/javier-creudesaba-e1707086232868.webp?resize=400%2C400&#038;ssl=1\" class=\"attachment-post-thumbnail size-post-thumbnail wp-post-image\" alt=\"\" style=\"object-fit:cover;\" srcset=\"https:\/\/i0.wp.com\/legiland.cat\/wp-content\/uploads\/2021\/06\/javier-creudesaba-e1707086232868.webp?w=400&amp;ssl=1 400w, https:\/\/i0.wp.com\/legiland.cat\/wp-content\/uploads\/2021\/06\/javier-creudesaba-e1707086232868.webp?resize=12%2C12&amp;ssl=1 12w\" sizes=\"auto, (max-width: 1131px) 100vw, 1131px\" data-attachment-id=\"9897\" data-permalink=\"https:\/\/legiland.cat\/ca\/entrevista\/experiencies-legiland-javier-morales\/attachment\/javier-creudesaba\/\" data-orig-file=\"https:\/\/i0.wp.com\/legiland.cat\/wp-content\/uploads\/2021\/06\/javier-creudesaba-e1707086232868.webp?fit=400%2C400&amp;ssl=1\" data-orig-size=\"400,400\" data-comments-opened=\"1\" data-image-meta=\"{&quot;aperture&quot;:&quot;0&quot;,&quot;credit&quot;:&quot;&quot;,&quot;camera&quot;:&quot;&quot;,&quot;caption&quot;:&quot;&quot;,&quot;created_timestamp&quot;:&quot;0&quot;,&quot;copyright&quot;:&quot;&quot;,&quot;focal_length&quot;:&quot;0&quot;,&quot;iso&quot;:&quot;0&quot;,&quot;shutter_speed&quot;:&quot;0&quot;,&quot;title&quot;:&quot;&quot;,&quot;orientation&quot;:&quot;0&quot;}\" data-image-title=\"javier-creudesaba\" data-image-description=\"\" data-image-caption=\"\" data-large-file=\"https:\/\/i0.wp.com\/legiland.cat\/wp-content\/uploads\/2021\/06\/javier-creudesaba-e1707086232868.webp?fit=400%2C400&amp;ssl=1\" \/><\/figure>\n\n\n<p class=\"wp-container-content-5e2576f9\">Hablamos con<strong> Javier<\/strong> <strong>Morales<\/strong>, <strong>profesor<\/strong> de f\u00edsica de Bachillerato y <strong>director del centro<\/strong>. <br><br>Javier es un educador apasionado  de la lectura. Su entusiasmo arrollador y su incre\u00edble capacidad de trabajo hacen posible cualquier proyecto que se proponga.<\/p>\n<\/div>\n\n\n\n<h4 class=\"wp-block-heading\" id=\"h-que-os-aporta-legiland\">Qu\u00e8 us aporta Legiland?<\/h4>\n\n\n\n<p><strong>Nos ayuda a estructurar el plan de impulso a la lectura<\/strong>. De hecho, <strong>es el eje vertebrador de casi todas las actividades<\/strong> que hacemos. <\/p>\n\n\n\n<p>Hacemos muchas cosas como: exponer los libros en el <em>bookcrossing<\/em> del pasillo, dise\u00f1ar alg\u00fan <em>collage<\/em> con art\u00edculos para tambi\u00e9n exponerlos de manera atractiva, crear espacios lectores, el carnet lector, concursos y premios de lectura, un programa de radio, salidas al Sal\u00f3n del Comic y del Manga, visitas a la biblioteca, etc.<\/p>\n\n\n\n<p>En cuanto al espacio, <strong>queremos que el libro est\u00e9 presente en todos los rincones<\/strong>, que lo valoren y sientan que lo tienen al alcance de su mano. <\/p>\n\n\n\n<figure class=\"wp-block-image size-large\"><img data-recalc-dims=\"1\" data-dominant-color=\"b19485\" data-has-transparency=\"false\" style=\"--dominant-color: #b19485;\" loading=\"lazy\" decoding=\"async\" width=\"1131\" height=\"848\" data-attachment-id=\"12293\" data-permalink=\"https:\/\/legiland.cat\/ca\/entrevista\/experiencies-legiland-javier-morales\/attachment\/bookcrossing-2\/\" data-orig-file=\"https:\/\/i0.wp.com\/legiland.cat\/wp-content\/uploads\/2021\/06\/bookcrossing-2.jpg?fit=2560%2C1920&amp;ssl=1\" data-orig-size=\"2560,1920\" data-comments-opened=\"0\" data-image-meta=\"{&quot;aperture&quot;:&quot;1.6&quot;,&quot;credit&quot;:&quot;&quot;,&quot;camera&quot;:&quot;iPhone 13&quot;,&quot;caption&quot;:&quot;&quot;,&quot;created_timestamp&quot;:&quot;1706093706&quot;,&quot;copyright&quot;:&quot;&quot;,&quot;focal_length&quot;:&quot;5.1&quot;,&quot;iso&quot;:&quot;100&quot;,&quot;shutter_speed&quot;:&quot;0.01&quot;,&quot;title&quot;:&quot;&quot;,&quot;orientation&quot;:&quot;1&quot;}\" data-image-title=\"bookcrossing-2\" data-image-description=\"\" data-image-caption=\"\" data-large-file=\"https:\/\/i0.wp.com\/legiland.cat\/wp-content\/uploads\/2021\/06\/bookcrossing-2.jpg?fit=1131%2C848&amp;ssl=1\" sizes=\"auto, (max-width: 1131px) 100vw, 1131px\" src=\"https:\/\/i0.wp.com\/legiland.cat\/wp-content\/uploads\/2021\/06\/bookcrossing-2.jpg?resize=1131%2C848&#038;ssl=1\" alt=\"\" class=\"wp-image-12293 not-transparent\" srcset=\"https:\/\/i0.wp.com\/legiland.cat\/wp-content\/uploads\/2021\/06\/bookcrossing-2.jpg?resize=1320%2C990&amp;ssl=1 1320w, https:\/\/i0.wp.com\/legiland.cat\/wp-content\/uploads\/2021\/06\/bookcrossing-2.jpg?resize=640%2C480&amp;ssl=1 640w, https:\/\/i0.wp.com\/legiland.cat\/wp-content\/uploads\/2021\/06\/bookcrossing-2.jpg?resize=768%2C576&amp;ssl=1 768w, https:\/\/i0.wp.com\/legiland.cat\/wp-content\/uploads\/2021\/06\/bookcrossing-2.jpg?resize=1536%2C1152&amp;ssl=1 1536w, https:\/\/i0.wp.com\/legiland.cat\/wp-content\/uploads\/2021\/06\/bookcrossing-2.jpg?resize=2048%2C1536&amp;ssl=1 2048w, https:\/\/i0.wp.com\/legiland.cat\/wp-content\/uploads\/2021\/06\/bookcrossing-2.jpg?resize=16%2C12&amp;ssl=1 16w, https:\/\/i0.wp.com\/legiland.cat\/wp-content\/uploads\/2021\/06\/bookcrossing-2.jpg?w=2262&amp;ssl=1 2262w\" \/><figcaption class=\"wp-element-caption\"><em>Bookcrossing<\/em> en los pasillos del Creu de Saba<\/figcaption><\/figure>\n\n\n\n<p>Legiland nos viene muy bien para promover ese acercamiento a la lectura y a los libros. <strong>Nos ayuda much\u00edsimo que combine la parte digital y la anal\u00f3gica<\/strong>.<\/p>\n\n\n\n<p>Gracias a Legiland podemos hacer un <strong>seguimiento exhaustivo de la actividad<\/strong> lectora de cada alumno. No solo vemos el porcentaje de aciertos, sino el tipo de preguntas que ha fallado.<\/p>\n\n\n\n<p>Una altra de les coses que m\u00e9s valorem \u00e9s que la plataforma est\u00e0 en evoluci\u00f3 cont\u00ednua, \u00e9s m\u00e9s, les \u00faltimes millores s\u00f3n una passada, faciliten molt la comunicaci\u00f3 entre el professor i l\u2019alumne. <strong>la plataforma est\u00e1 en evoluci\u00f3n continua<\/strong>, es m\u00e1s, las \u00faltimas mejoras son una pasada, facilitan mucho la comunicaci\u00f3n entre el profesor y el alumno.<\/p>\n\n\n\n<p>Puedes dar un <em>feedback<\/em> en cada uno de los cuestionarios, puedes reconocer el esfuerzo de los alumnos y el trabajo que hacen. Eso es muy importante, <strong>el alumno se siente reconocido y acompa\u00f1ado<\/strong> en su proceso de aprendizaje.<\/p>\n\n\n\n<h4 class=\"wp-block-heading\" id=\"h-que-es-lo-que-mas-destacarias-de-legiland\">\u00bfQu\u00e9 es lo que m\u00e1s destacar\u00edas de Legiland?<\/h4>\n\n\n\n<p>Lo que m\u00e1s destacar\u00eda es que <strong>nos ayuda mucho a promover la lectura, acerc\u00e1ndonos a los alumnos de una forma muy atractiva<\/strong> sin por ello descartar el papel como medio de lectura. <\/p>\n\n\n\n<p>Muchas veces entendemos la computadora, la tableta, el m\u00f3vil como el enemigo, pero hay que tener presente que las nuevas generaciones han crecido con la tableta, el m\u00f3vil y la computadora. No nos podemos plantear esto como una lucha entre el dispositivo digital y el libro en papel. M\u00e1s bien, <strong>hay que aplicar una buena combinaci\u00f3n de ambos y acabar con la contradicci\u00f3n<\/strong>.<\/p>\n\n\n\n<p>Nosotros, por ejemplo, fomentamos la lectura en papel y evitamos la lectura a trav\u00e9s de la computadora, porque consideramos que ya est\u00e1n muchas horas expuestos a las pantallas, pero aun as\u00ed, en alg\u00fan momento la tecnolog\u00eda entra en la ecuaci\u00f3n.<\/p>\n\n\n\n<p>Por lo tanto, <strong>fomentamos la lectura en papel, pero tambi\u00e9n tenemos todo un universo digital que juega a favor de esto<\/strong> y queremos que aprovecharlo.<\/p>\n\n\n\n<h4 class=\"wp-block-heading\" id=\"h-recomendarias-legiland\">Recomanaries Legiland? <\/h4>\n\n\n\n<p>Totalmente. <strong>Si un alumno tiene una buena comprensi\u00f3n lectora o no, lo ves muy claramente<\/strong>. Y en este sentido, hay dos cosas muy importantes que estamos intentando cumplir con este proyecto:<\/p>\n\n\n\n<p>La primera es que <strong>el alumno pueda leer lo que quiera<\/strong>. En esto, Legiland les ayuda much\u00edsimo, porque <strong>hay una enorme variedad de libros<\/strong> y no solo hay muchos libros, sino que hay muchas tipolog\u00edas de lecturas, desde art\u00edculos de ciencia, de tecnolog\u00eda, c\u00f3mics&#8230;<\/p>\n\n\n\n<p>La segunda es <strong>que el lector tenga espacios para poder compartir sus lecturas<\/strong>. Es decir, he le\u00eddo este libro y me ha gustado, y debo poder decir que este libro me ha gustado. En este sentido, la comunidad de Legiland es ideal.<\/p>\n\n\n\n<div style=\"height:100px\" aria-hidden=\"true\" class=\"wp-block-spacer\"><\/div>\n\n\n<div class=\"alignwide-wrap\" data-block=\"media-text\">\n<div class=\"wp-block-media-text is-stacked-on-mobile is-style-abs-wavy\"><figure class=\"wp-block-media-text__media\"><img data-recalc-dims=\"1\" data-dominant-color=\"7c796f\" data-has-transparency=\"false\" style=\"--dominant-color: #7c796f;\" loading=\"lazy\" decoding=\"async\" width=\"1131\" height=\"848\" data-attachment-id=\"12292\" data-permalink=\"https:\/\/legiland.cat\/ca\/entrevista\/experiencies-legiland-javier-morales\/attachment\/creu-de-saba\/\" data-orig-file=\"https:\/\/i0.wp.com\/legiland.cat\/wp-content\/uploads\/2021\/06\/creu-de-saba.jpg?fit=1360%2C1020&amp;ssl=1\" data-orig-size=\"1360,1020\" data-comments-opened=\"0\" data-image-meta=\"{&quot;aperture&quot;:&quot;0&quot;,&quot;credit&quot;:&quot;&quot;,&quot;camera&quot;:&quot;&quot;,&quot;caption&quot;:&quot;&quot;,&quot;created_timestamp&quot;:&quot;0&quot;,&quot;copyright&quot;:&quot;&quot;,&quot;focal_length&quot;:&quot;0&quot;,&quot;iso&quot;:&quot;0&quot;,&quot;shutter_speed&quot;:&quot;0&quot;,&quot;title&quot;:&quot;&quot;,&quot;orientation&quot;:&quot;0&quot;}\" data-image-title=\"creu-de-saba\" data-image-description=\"\" data-image-caption=\"\" data-large-file=\"https:\/\/i0.wp.com\/legiland.cat\/wp-content\/uploads\/2021\/06\/creu-de-saba.jpg?fit=1131%2C848&amp;ssl=1\" src=\"https:\/\/i0.wp.com\/legiland.cat\/wp-content\/uploads\/2021\/06\/creu-de-saba.jpg?resize=1131%2C848&#038;ssl=1\" alt=\"\" class=\"wp-image-12292 size-full not-transparent\" srcset=\"https:\/\/i0.wp.com\/legiland.cat\/wp-content\/uploads\/2021\/06\/creu-de-saba.jpg?resize=1320%2C990&amp;ssl=1 1320w, https:\/\/i0.wp.com\/legiland.cat\/wp-content\/uploads\/2021\/06\/creu-de-saba.jpg?resize=640%2C480&amp;ssl=1 640w, https:\/\/i0.wp.com\/legiland.cat\/wp-content\/uploads\/2021\/06\/creu-de-saba.jpg?resize=768%2C576&amp;ssl=1 768w, https:\/\/i0.wp.com\/legiland.cat\/wp-content\/uploads\/2021\/06\/creu-de-saba.jpg?resize=16%2C12&amp;ssl=1 16w, https:\/\/i0.wp.com\/legiland.cat\/wp-content\/uploads\/2021\/06\/creu-de-saba.jpg?w=1360&amp;ssl=1 1360w\" sizes=\"auto, (max-width: 1131px) 100vw, 1131px\" \/><\/figure><div class=\"wp-block-media-text__content\">\n<p><strong>El INS Creu de Saba es el segundo centro p\u00fablico de secundaria de Olesa de Montserrat<\/strong>, una poblaci\u00f3n de la provincia de Barcelona con 25.000 habitantes.<\/p>\n\n\n\n<p>Uno de los rasgos m\u00e1s importantes y reconocibles de su proyecto de centro es el impulso a la lectura. <strong>Van comen\u00e7ar amb Legiland el 2017 i l\u2019han implementat de primer a quart d\u2019ESO.<\/strong><\/p>\n<\/div><\/div>\n<\/div>","protected":false},"excerpt":{"rendered":"<div class=\"entry-summary\">\nConeix l'opini\u00f3 de Javier Morales, professor de f\u00edsica de Batxillerat i director de l'Institut Creu de Saba.\n<\/div>\n<div class=\"link-more-container\"><a href=\"https:\/\/legiland.cat\/ca\/entrevista\/experiencies-legiland-javier-morales\/\" class=\"link-more\" aria-label=\"Continue reading INS Creu de Saba\">Continue reading&hellip;<\/a><\/div>","protected":false},"author":3,"featured_media":9897,"comment_status":"closed","ping_status":"closed","sticky":false,"template":"templates\/no-intro.php","format":"standard","meta":{"_jetpack_memberships_contains_paid_content":false,"footnotes":""},"categories":[6],"tags":[],"class_list":["post-1760","post","type-post","status-publish","format-standard","has-post-thumbnail","hentry","category-entrevista","entry","entry-type-post"],"yoast_head":"<!-- This site is optimized with the Yoast SEO Premium plugin v22.5 (Yoast SEO v27.2) - https:\/\/yoast.com\/product\/yoast-seo-premium-wordpress\/ -->\n<title>INS Creu de Saba - Legiland<\/title>\n<meta name=\"description\" content=\"Conoce la opini\u00f3n de Javier Morales, profesor de f\u00edsica de Bachillerato y director del Instituto Creu de Saba.\" \/>\n<meta name=\"robots\" content=\"index, follow, max-snippet:-1, max-image-preview:large, max-video-preview:-1\" \/>\n<link rel=\"canonical\" href=\"https:\/\/legiland.cat\/ca\/entrevista\/experiencies-legiland-javier-morales\/\" \/>\n<meta property=\"og:locale\" content=\"ca_ES\" \/>\n<meta property=\"og:type\" content=\"article\" \/>\n<meta property=\"og:title\" content=\"INS Creu de Saba\" \/>\n<meta property=\"og:description\" content=\"Conoce la opini\u00f3n de Javier Morales, profesor de f\u00edsica de Bachillerato y director del Instituto Creu de Saba.\" \/>\n<meta property=\"og:url\" content=\"https:\/\/legiland.cat\/ca\/entrevista\/experiencies-legiland-javier-morales\/\" \/>\n<meta property=\"og:site_name\" content=\"Legiland\" \/>\n<meta property=\"article:published_time\" content=\"2021-06-09T09:17:52+00:00\" \/>\n<meta property=\"article:modified_time\" content=\"2025-04-04T12:25:32+00:00\" \/>\n<meta property=\"og:image\" content=\"https:\/\/legiland.cat\/wp-content\/uploads\/2025\/04\/SEO-Card_Testimonios_es.jpg\" \/>\n\t<meta property=\"og:image:width\" content=\"1201\" \/>\n\t<meta property=\"og:image:height\" content=\"631\" \/>\n\t<meta property=\"og:image:type\" content=\"image\/jpeg\" \/>\n<meta name=\"author\" content=\"Ver\u00f3nica Orozco\" \/>\n<meta name=\"twitter:card\" content=\"summary_large_image\" \/>\n<meta name=\"twitter:description\" content=\"Conoce la opini\u00f3n de Javier Morales, profesor de f\u00edsica de Bachillerato y director del Instituto Creu de Saba.\" \/>\n<meta name=\"twitter:creator\" content=\"@legiland\" \/>\n<meta name=\"twitter:site\" content=\"@legiland\" \/>\n<script type=\"application\/ld+json\" class=\"yoast-schema-graph\">{\"@context\":\"https:\/\/schema.org\",\"@graph\":[{\"@type\":\"Article\",\"@id\":\"https:\/\/legiland.cat\/entrevista\/experiencies-legiland-javier-morales\/#article\",\"isPartOf\":{\"@id\":\"https:\/\/legiland.cat\/entrevista\/experiencies-legiland-javier-morales\/\"},\"author\":{\"name\":\"Ver\u00f3nica Orozco\",\"@id\":\"https:\/\/legiland.cat\/#\/schema\/person\/767a1b8883837a268289bdc08f533203\"},\"headline\":\"INS Creu de Saba\",\"datePublished\":\"2021-06-09T09:17:52+00:00\",\"dateModified\":\"2025-04-04T12:25:32+00:00\",\"mainEntityOfPage\":{\"@id\":\"https:\/\/legiland.cat\/entrevista\/experiencies-legiland-javier-morales\/\"},\"wordCount\":674,\"publisher\":{\"@id\":\"https:\/\/legiland.cat\/#organization\"},\"image\":{\"@id\":\"https:\/\/legiland.cat\/entrevista\/experiencies-legiland-javier-morales\/#primaryimage\"},\"thumbnailUrl\":\"https:\/\/i0.wp.com\/legiland.cat\/wp-content\/uploads\/2021\/06\/javier-creudesaba-e1707086232868.webp?fit=400%2C400&ssl=1\",\"articleSection\":[\"Testimonios\"],\"inLanguage\":\"ca\"},{\"@type\":\"WebPage\",\"@id\":\"https:\/\/legiland.cat\/entrevista\/experiencies-legiland-javier-morales\/\",\"url\":\"https:\/\/legiland.cat\/entrevista\/experiencies-legiland-javier-morales\/\",\"name\":\"INS Creu de Saba - Legiland\",\"isPartOf\":{\"@id\":\"https:\/\/legiland.cat\/#website\"},\"primaryImageOfPage\":{\"@id\":\"https:\/\/legiland.cat\/entrevista\/experiencies-legiland-javier-morales\/#primaryimage\"},\"image\":{\"@id\":\"https:\/\/legiland.cat\/entrevista\/experiencies-legiland-javier-morales\/#primaryimage\"},\"thumbnailUrl\":\"https:\/\/i0.wp.com\/legiland.cat\/wp-content\/uploads\/2021\/06\/javier-creudesaba-e1707086232868.webp?fit=400%2C400&ssl=1\",\"datePublished\":\"2021-06-09T09:17:52+00:00\",\"dateModified\":\"2025-04-04T12:25:32+00:00\",\"description\":\"Conoce la opini\u00f3n de Javier Morales, profesor de f\u00edsica de Bachillerato y director del Instituto Creu de Saba.\",\"breadcrumb\":{\"@id\":\"https:\/\/legiland.cat\/entrevista\/experiencies-legiland-javier-morales\/#breadcrumb\"},\"inLanguage\":\"ca\",\"potentialAction\":[{\"@type\":\"ReadAction\",\"target\":[\"https:\/\/legiland.cat\/entrevista\/experiencies-legiland-javier-morales\/\"]}]},{\"@type\":\"ImageObject\",\"inLanguage\":\"ca\",\"@id\":\"https:\/\/legiland.cat\/entrevista\/experiencies-legiland-javier-morales\/#primaryimage\",\"url\":\"https:\/\/i0.wp.com\/legiland.cat\/wp-content\/uploads\/2021\/06\/javier-creudesaba-e1707086232868.webp?fit=400%2C400&ssl=1\",\"contentUrl\":\"https:\/\/i0.wp.com\/legiland.cat\/wp-content\/uploads\/2021\/06\/javier-creudesaba-e1707086232868.webp?fit=400%2C400&ssl=1\",\"width\":400,\"height\":400},{\"@type\":\"BreadcrumbList\",\"@id\":\"https:\/\/legiland.cat\/entrevista\/experiencies-legiland-javier-morales\/#breadcrumb\",\"itemListElement\":[{\"@type\":\"ListItem\",\"position\":1,\"name\":\"Home\",\"item\":\"https:\/\/legiland.cat\/\"},{\"@type\":\"ListItem\",\"position\":2,\"name\":\"INS Creu de Saba\"}]},{\"@type\":\"WebSite\",\"@id\":\"https:\/\/legiland.cat\/#website\",\"url\":\"https:\/\/legiland.cat\/\",\"name\":\"Legiland\",\"description\":\"Lectura escolar en papel y seguimiento real de la comprensi\u00f3n lectora\",\"publisher\":{\"@id\":\"https:\/\/legiland.cat\/#organization\"},\"alternateName\":\"Plataforma de lectura\",\"potentialAction\":[{\"@type\":\"SearchAction\",\"target\":{\"@type\":\"EntryPoint\",\"urlTemplate\":\"https:\/\/legiland.cat\/?s={search_term_string}\"},\"query-input\":{\"@type\":\"PropertyValueSpecification\",\"valueRequired\":true,\"valueName\":\"search_term_string\"}}],\"inLanguage\":\"ca\"},{\"@type\":\"Organization\",\"@id\":\"https:\/\/legiland.cat\/#organization\",\"name\":\"Legiland\",\"url\":\"https:\/\/legiland.cat\/\",\"logo\":{\"@type\":\"ImageObject\",\"inLanguage\":\"ca\",\"@id\":\"https:\/\/legiland.cat\/#\/schema\/logo\/image\/\",\"url\":\"https:\/\/i0.wp.com\/legiland.cat\/wp-content\/uploads\/2024\/01\/logo-legiland-amarillo-framed.png?fit=1806%2C706&ssl=1\",\"contentUrl\":\"https:\/\/i0.wp.com\/legiland.cat\/wp-content\/uploads\/2024\/01\/logo-legiland-amarillo-framed.png?fit=1806%2C706&ssl=1\",\"width\":1806,\"height\":706,\"caption\":\"Legiland\"},\"image\":{\"@id\":\"https:\/\/legiland.cat\/#\/schema\/logo\/image\/\"},\"sameAs\":[\"https:\/\/x.com\/legiland\"],\"legalName\":\"Yoleo Edutainment SL\",\"foundingDate\":\"2013-03-29\",\"vatID\":\"B66011040\"},{\"@type\":\"Person\",\"@id\":\"https:\/\/legiland.cat\/#\/schema\/person\/767a1b8883837a268289bdc08f533203\",\"name\":\"Ver\u00f3nica Orozco\",\"image\":{\"@type\":\"ImageObject\",\"inLanguage\":\"ca\",\"@id\":\"https:\/\/secure.gravatar.com\/avatar\/48b9dbc8aad62bcff2cd1ab2e90fe8487b34b25bc1e3f7e992284701a6ac688b?s=96&d=mm&r=g\",\"url\":\"https:\/\/secure.gravatar.com\/avatar\/48b9dbc8aad62bcff2cd1ab2e90fe8487b34b25bc1e3f7e992284701a6ac688b?s=96&d=mm&r=g\",\"contentUrl\":\"https:\/\/secure.gravatar.com\/avatar\/48b9dbc8aad62bcff2cd1ab2e90fe8487b34b25bc1e3f7e992284701a6ac688b?s=96&d=mm&r=g\",\"caption\":\"Ver\u00f3nica Orozco\"},\"url\":\"https:\/\/legiland.cat\/ca\/author\/veronica-orozco\/\"}]}<\/script>\n<!-- \/ Yoast SEO Premium plugin. -->","yoast_head_json":{"title":"INS Creu de Saba - Legiland","description":"Coneix l'opini\u00f3 de Javier Morales, professor de f\u00edsica de Batxillerat i director de l'Institut Creu de Saba.","robots":{"index":"index","follow":"follow","max-snippet":"max-snippet:-1","max-image-preview":"max-image-preview:large","max-video-preview":"max-video-preview:-1"},"canonical":"https:\/\/legiland.cat\/ca\/entrevista\/experiencies-legiland-javier-morales\/","og_locale":"ca_ES","og_type":"article","og_title":"INS Creu de Saba","og_description":"Conoce la opini\u00f3n de Javier Morales, profesor de f\u00edsica de Bachillerato y director del Instituto Creu de Saba.","og_url":"https:\/\/legiland.cat\/ca\/entrevista\/experiencies-legiland-javier-morales\/","og_site_name":"Legiland","article_published_time":"2021-06-09T09:17:52+00:00","article_modified_time":"2025-04-04T12:25:32+00:00","og_image":[{"width":1201,"height":631,"url":"https:\/\/legiland.cat\/wp-content\/uploads\/2025\/04\/SEO-Card_Testimonios_es.jpg","type":"image\/jpeg"}],"author":"Ver\u00f3nica Orozco","twitter_card":"summary_large_image","twitter_description":"Conoce la opini\u00f3n de Javier Morales, profesor de f\u00edsica de Bachillerato y director del Instituto Creu de Saba.","twitter_creator":"@legiland","twitter_site":"@legiland","schema":{"@context":"https:\/\/schema.org","@graph":[{"@type":"Article","@id":"https:\/\/legiland.cat\/entrevista\/experiencies-legiland-javier-morales\/#article","isPartOf":{"@id":"https:\/\/legiland.cat\/entrevista\/experiencies-legiland-javier-morales\/"},"author":{"name":"Ver\u00f3nica Orozco","@id":"https:\/\/legiland.cat\/#\/schema\/person\/767a1b8883837a268289bdc08f533203"},"headline":"INS Creu de Saba","datePublished":"2021-06-09T09:17:52+00:00","dateModified":"2025-04-04T12:25:32+00:00","mainEntityOfPage":{"@id":"https:\/\/legiland.cat\/entrevista\/experiencies-legiland-javier-morales\/"},"wordCount":674,"publisher":{"@id":"https:\/\/legiland.cat\/#organization"},"image":{"@id":"https:\/\/legiland.cat\/entrevista\/experiencies-legiland-javier-morales\/#primaryimage"},"thumbnailUrl":"https:\/\/i0.wp.com\/legiland.cat\/wp-content\/uploads\/2021\/06\/javier-creudesaba-e1707086232868.webp?fit=400%2C400&ssl=1","articleSection":["Testimonios"],"inLanguage":"ca"},{"@type":"WebPage","@id":"https:\/\/legiland.cat\/entrevista\/experiencies-legiland-javier-morales\/","url":"https:\/\/legiland.cat\/entrevista\/experiencies-legiland-javier-morales\/","name":"INS Creu de Saba - Legiland","isPartOf":{"@id":"https:\/\/legiland.cat\/#website"},"primaryImageOfPage":{"@id":"https:\/\/legiland.cat\/entrevista\/experiencies-legiland-javier-morales\/#primaryimage"},"image":{"@id":"https:\/\/legiland.cat\/entrevista\/experiencies-legiland-javier-morales\/#primaryimage"},"thumbnailUrl":"https:\/\/i0.wp.com\/legiland.cat\/wp-content\/uploads\/2021\/06\/javier-creudesaba-e1707086232868.webp?fit=400%2C400&ssl=1","datePublished":"2021-06-09T09:17:52+00:00","dateModified":"2025-04-04T12:25:32+00:00","description":"Coneix l'opini\u00f3 de Javier Morales, professor de f\u00edsica de Batxillerat i director de l'Institut Creu de Saba.","breadcrumb":{"@id":"https:\/\/legiland.cat\/entrevista\/experiencies-legiland-javier-morales\/#breadcrumb"},"inLanguage":"ca","potentialAction":[{"@type":"ReadAction","target":["https:\/\/legiland.cat\/entrevista\/experiencies-legiland-javier-morales\/"]}]},{"@type":"ImageObject","inLanguage":"ca","@id":"https:\/\/legiland.cat\/entrevista\/experiencies-legiland-javier-morales\/#primaryimage","url":"https:\/\/i0.wp.com\/legiland.cat\/wp-content\/uploads\/2021\/06\/javier-creudesaba-e1707086232868.webp?fit=400%2C400&ssl=1","contentUrl":"https:\/\/i0.wp.com\/legiland.cat\/wp-content\/uploads\/2021\/06\/javier-creudesaba-e1707086232868.webp?fit=400%2C400&ssl=1","width":400,"height":400},{"@type":"BreadcrumbList","@id":"https:\/\/legiland.cat\/entrevista\/experiencies-legiland-javier-morales\/#breadcrumb","itemListElement":[{"@type":"ListItem","position":1,"name":"Home","item":"https:\/\/legiland.cat\/"},{"@type":"ListItem","position":2,"name":"INS Creu de Saba"}]},{"@type":"WebSite","@id":"https:\/\/legiland.cat\/#website","url":"https:\/\/legiland.cat\/","name":"Legiland","description":"Lectura escolar en papel y seguimiento real de la comprensi\u00f3n lectora","publisher":{"@id":"https:\/\/legiland.cat\/#organization"},"alternateName":"Plataforma de lectura","potentialAction":[{"@type":"SearchAction","target":{"@type":"EntryPoint","urlTemplate":"https:\/\/legiland.cat\/?s={search_term_string}"},"query-input":{"@type":"PropertyValueSpecification","valueRequired":true,"valueName":"search_term_string"}}],"inLanguage":"ca"},{"@type":"Organization","@id":"https:\/\/legiland.cat\/#organization","name":"Legiland","url":"https:\/\/legiland.cat\/","logo":{"@type":"ImageObject","inLanguage":"ca","@id":"https:\/\/legiland.cat\/#\/schema\/logo\/image\/","url":"https:\/\/i0.wp.com\/legiland.cat\/wp-content\/uploads\/2024\/01\/logo-legiland-amarillo-framed.png?fit=1806%2C706&ssl=1","contentUrl":"https:\/\/i0.wp.com\/legiland.cat\/wp-content\/uploads\/2024\/01\/logo-legiland-amarillo-framed.png?fit=1806%2C706&ssl=1","width":1806,"height":706,"caption":"Legiland"},"image":{"@id":"https:\/\/legiland.cat\/#\/schema\/logo\/image\/"},"sameAs":["https:\/\/x.com\/legiland"],"legalName":"Yoleo Edutainment SL","foundingDate":"2013-03-29","vatID":"B66011040"},{"@type":"Person","@id":"https:\/\/legiland.cat\/#\/schema\/person\/767a1b8883837a268289bdc08f533203","name":"Ver\u00f3nica Orozco","image":{"@type":"ImageObject","inLanguage":"ca","@id":"https:\/\/secure.gravatar.com\/avatar\/48b9dbc8aad62bcff2cd1ab2e90fe8487b34b25bc1e3f7e992284701a6ac688b?s=96&d=mm&r=g","url":"https:\/\/secure.gravatar.com\/avatar\/48b9dbc8aad62bcff2cd1ab2e90fe8487b34b25bc1e3f7e992284701a6ac688b?s=96&d=mm&r=g","contentUrl":"https:\/\/secure.gravatar.com\/avatar\/48b9dbc8aad62bcff2cd1ab2e90fe8487b34b25bc1e3f7e992284701a6ac688b?s=96&d=mm&r=g","caption":"Ver\u00f3nica Orozco"},"url":"https:\/\/legiland.cat\/ca\/author\/veronica-orozco\/"}]}},"jetpack_featured_media_url":"https:\/\/i0.wp.com\/legiland.cat\/wp-content\/uploads\/2021\/06\/javier-creudesaba-e1707086232868.webp?fit=400%2C400&ssl=1","jetpack_sharing_enabled":true,"_links":{"self":[{"href":"https:\/\/legiland.cat\/ca\/wp-json\/wp\/v2\/posts\/1760","targetHints":{"allow":["GET"]}}],"collection":[{"href":"https:\/\/legiland.cat\/ca\/wp-json\/wp\/v2\/posts"}],"about":[{"href":"https:\/\/legiland.cat\/ca\/wp-json\/wp\/v2\/types\/post"}],"author":[{"embeddable":true,"href":"https:\/\/legiland.cat\/ca\/wp-json\/wp\/v2\/users\/3"}],"replies":[{"embeddable":true,"href":"https:\/\/legiland.cat\/ca\/wp-json\/wp\/v2\/comments?post=1760"}],"version-history":[{"count":22,"href":"https:\/\/legiland.cat\/ca\/wp-json\/wp\/v2\/posts\/1760\/revisions"}],"predecessor-version":[{"id":13007,"href":"https:\/\/legiland.cat\/ca\/wp-json\/wp\/v2\/posts\/1760\/revisions\/13007"}],"wp:featuredmedia":[{"embeddable":true,"href":"https:\/\/legiland.cat\/ca\/wp-json\/wp\/v2\/media\/9897"}],"wp:attachment":[{"href":"https:\/\/legiland.cat\/ca\/wp-json\/wp\/v2\/media?parent=1760"}],"wp:term":[{"taxonomy":"category","embeddable":true,"href":"https:\/\/legiland.cat\/ca\/wp-json\/wp\/v2\/categories?post=1760"},{"taxonomy":"post_tag","embeddable":true,"href":"https:\/\/legiland.cat\/ca\/wp-json\/wp\/v2\/tags?post=1760"}],"curies":[{"name":"wp","href":"https:\/\/api.w.org\/{rel}","templated":true}]}}